{"id":204,"date":"2021-03-03T11:06:25","date_gmt":"2021-03-03T11:06:25","guid":{"rendered":"https:\/\/himinnoghaf.is\/loftslagsmal\/?post_type=article&#038;p=204"},"modified":"2022-03-06T22:48:50","modified_gmt":"2022-03-06T22:48:50","slug":"islenska-akvaedid","status":"publish","type":"article","link":"https:\/\/himinnoghaf.is\/loftslagsmal\/article\/islenska-akvaedid\/","title":{"rendered":"\u00cdslenska \u00e1kv\u00e6\u00f0i\u00f0"},"content":{"rendered":"\n<figure class=\"wp-block-image size-large is-style-in-data-column-and-sticky\"><a href=\"https:\/\/himinnoghaf.is\/loftslagsmal\/wp-content\/uploads\/jonatan-pie-7FfG8zcPcXU-unsplash-scaled.jpg\"><img loading=\"lazy\" decoding=\"async\" width=\"1024\" height=\"684\" src=\"https:\/\/himinnoghaf.is\/loftslagsmal\/wp-content\/uploads\/jonatan-pie-7FfG8zcPcXU-unsplash-1024x684.jpg\" alt=\"\" class=\"wp-image-244\" srcset=\"https:\/\/himinnoghaf.is\/loftslagsmal\/wp-content\/uploads\/jonatan-pie-7FfG8zcPcXU-unsplash-1024x684.jpg 1024w, https:\/\/himinnoghaf.is\/loftslagsmal\/wp-content\/uploads\/jonatan-pie-7FfG8zcPcXU-unsplash-300x200.jpg 300w, https:\/\/himinnoghaf.is\/loftslagsmal\/wp-content\/uploads\/jonatan-pie-7FfG8zcPcXU-unsplash-768x513.jpg 768w, https:\/\/himinnoghaf.is\/loftslagsmal\/wp-content\/uploads\/jonatan-pie-7FfG8zcPcXU-unsplash-1536x1026.jpg 1536w, https:\/\/himinnoghaf.is\/loftslagsmal\/wp-content\/uploads\/jonatan-pie-7FfG8zcPcXU-unsplash-2048x1368.jpg 2048w\" sizes=\"auto, (max-width: 1024px) 100vw, 1024px\" \/><\/a><figcaption>Nor\u00f0urlj\u00f3s.<\/figcaption><\/figure>\n\n\n\n<p>\u00cdslenska \u00e1kv\u00e6\u00f0i\u00f0, n\u00e1nar tilteki\u00f0 <em>\u00c1kv\u00f6r\u00f0un<\/em> <span class=\"tooltips \" style=\"\" title=\"\u00c1kv\u00f6r\u00f0unin var almenns e\u00f0lis og gat \u00feannig s\u00e9\u00f0 n\u00fdst \u00fdmsum r\u00edkjum me\u00f0 mj\u00f6g litla losun \u00e1 heimsv\u00edsu. \u00dear sem \u00cdsland bar\u00f0ist fyrir a\u00f0 f\u00e1 \u00feessa \u00e1kv\u00f6r\u00f0un sam\u00feykkta og var auk \u00feess eina r\u00edki\u00f0 sem n\u00fdtti s\u00e9r \u00feessa heimild hefur \u00e1kv\u00f6r\u00f0un 14\/cp.7 veri\u00f0 k\u00f6llu\u00f0 \u201e\u00edslenska \u00e1kv\u00e6\u00f0i\u00f0\u201c .\"><em>14\/cp.7<\/em><\/span> <em>um \u00e1hrif einstakra verkefna \u00e1 losun \u00e1 skuldbindingat\u00edmabilinu<\/em>, var sam\u00feykkt \u00e1 7. a\u00f0ildarr\u00edkja\u00feingi loftslagssamningsins \u00e1ri\u00f0 2001. \u00cdsland fullgilti ekki Kyoto-b\u00f3kunina fyrr en \u00edslenska \u00e1kv\u00e6\u00f0i\u00f0 haf\u00f0i veri\u00f0 sam\u00feykkt. \u00c1kv\u00f6r\u00f0unin n\u00e1\u00f0i eing\u00f6ngu til r\u00edkja me\u00f0 mj\u00f6g litla losun \u00e1 heimsv\u00edsu, \u00fe.e. minna en 0,05% af samanlag\u00f0ri heildarlosun kold\u00edox\u00ed\u00f0s i\u00f0nr\u00edkja \u00e1ri\u00f0 1990 og heimila\u00f0i r\u00edkjum a\u00f0 undanskilja tiltekna losun kold\u00edox\u00ed\u00f0s \u00feannig a\u00f0 h\u00fan v\u00e6ri ekki me\u00f0talin \u00ed heildarlosun \u00ed uppgj\u00f6ri fyrra skuldbindingat\u00edmabils Kyoto-b\u00f3kunarinnar a\u00f0 uppfylltum tilteknum skilyr\u00f0um:<\/p>\n\n\n\n<ul class=\"wp-block-list\"><li>A\u00f0 um v\u00e6ri a\u00f0 r\u00e6\u00f0a kold\u00edox\u00ed\u00f0 sem mynda\u00f0ist vegna efnaferla \u00ed i\u00f0na\u00f0i a\u00f0 \u00fev\u00ed tilskildu a\u00f0 um hafi veri\u00f0 a\u00f0 r\u00e6\u00f0a n\u00fdtt i\u00f0juver e\u00f0a st\u00e6kkun starfandi i\u00f0juvers. N\u00fdja starfsemin og\/e\u00f0a st\u00e6kka\u00f0i hluti starfandi i\u00f0juvers ur\u00f0u a\u00f0 hafa veri\u00f0 gangsett s\u00ed\u00f0ar en 31.12.1990. Or\u00f0alagi\u00f0 \u00fatiloka\u00f0i a\u00f0 a\u00f0rar gr\u00f3\u00f0urh\u00fasalofttegundir en kold\u00edox\u00ed\u00f0, sem og a\u00f0 losun sem \u00e1tti s\u00e9r sta\u00f0 t.d. vegna eldsneytisbrennslu \u00ed i\u00f0na\u00f0i, g\u00e6ti falli\u00f0 undir \u00e1kv\u00e6\u00f0i\u00f0. Vi\u00f0komandi i\u00f0juver \u00feurftu ennfremur a\u00f0 nota endurn\u00fdjanlega orku vi\u00f0 framlei\u00f0slu s\u00edna, og <span class=\"tooltips \" style=\"\" title=\"BAT: best available technology.\">bestu f\u00e1anlegu t\u00e6kni<\/span> og <span class=\"tooltips \" style=\"\" title=\"BEP: best environmental practice.\">bestu umhverfisvenjur<\/span>&nbsp; til a\u00f0 halda losun fr\u00e1 starfseminni \u00ed l\u00e1gmarki.<\/li><\/ul>\n\n\n\n<ul class=\"wp-block-list\"><li>Til a\u00f0 gangsetning n\u00fds e\u00f0a st\u00e6kka\u00f0s i\u00f0juvers g\u00e6ti falli\u00f0 undir \u00e1kv\u00e6\u00f0i\u00f0 \u00feurfti vi\u00f0b\u00e6tt losun vegna verkefnisins a\u00f0 jafngilda a.m.k. 5% af heildarlosun kold\u00edox\u00ed\u00f0s \u00ed vi\u00f0komandi r\u00edki \u00e1ri\u00f0 1990.<\/li><\/ul>\n\n\n\n<ul class=\"wp-block-list\"><li>Eing\u00f6ngu m\u00e1tti undanskilja losun kold\u00edox\u00ed\u00f0s sem uppfyllti ofangreind skilyr\u00f0i a\u00f0 \u00fev\u00ed marki sem heildarlosun v\u00e6ri meiri en sem samsvara\u00f0i AAU-heimildum vi\u00f0komandi r\u00edkis.<\/li><\/ul>\n\n\n\n<ul class=\"wp-block-list\"><li>H\u00e1marksmagn kold\u00edox\u00ed\u00f0s sem leyfilegt var a\u00f0 undanskilja var samanlagt 8 millj\u00f3nir tonna \u00e1 t\u00edmabilinu 2008-2012. &nbsp;&nbsp;<\/li><\/ul>\n\n\n\n<p><\/p>\n","protected":false},"excerpt":{"rendered":"<p>\u00cdslenska \u00e1kv\u00e6\u00f0i\u00f0, n\u00e1nar tilteki\u00f0 \u00c1kv\u00f6r\u00f0un um \u00e1hrif einstakra verkefna \u00e1 losun \u00e1 skuldbindingat\u00edmabilinu, var sam\u00feykkt \u00e1 7. a\u00f0ildarr\u00edkja\u00feingi loftslagssamningsins \u00e1ri\u00f0 2001. \u00cdsland fullgilti ekki Kyoto-b\u00f3kunina fyrr en \u00edslenska \u00e1kv\u00e6\u00f0i\u00f0 haf\u00f0i veri\u00f0 sam\u00feykkt. \u00c1kv\u00f6r\u00f0unin n\u00e1\u00f0i eing\u00f6ngu til r\u00edkja me\u00f0 mj\u00f6g litla losun \u00e1 heimsv\u00edsu, \u00fe.e. minna en 0,05% af samanlag\u00f0ri heildarlosun kold\u00edox\u00ed\u00f0s i\u00f0nr\u00edkja \u00e1ri\u00f0 1990 og [&hellip;]<\/p>\n","protected":false},"author":2,"featured_media":244,"menu_order":0,"template":"","meta":[],"categories":[9],"class_list":["post-204","article","type-article","status-publish","has-post-thumbnail","hentry","category-itarefni"],"_links":{"self":[{"href":"https:\/\/himinnoghaf.is\/loftslagsmal\/wp-json\/wp\/v2\/article\/204","targetHints":{"allow":["GET"]}}],"collection":[{"href":"https:\/\/himinnoghaf.is\/loftslagsmal\/wp-json\/wp\/v2\/article"}],"about":[{"href":"https:\/\/himinnoghaf.is\/loftslagsmal\/wp-json\/wp\/v2\/types\/article"}],"author":[{"embeddable":true,"href":"https:\/\/himinnoghaf.is\/loftslagsmal\/wp-json\/wp\/v2\/users\/2"}],"wp:featuredmedia":[{"embeddable":true,"href":"https:\/\/himinnoghaf.is\/loftslagsmal\/wp-json\/wp\/v2\/media\/244"}],"wp:attachment":[{"href":"https:\/\/himinnoghaf.is\/loftslagsmal\/wp-json\/wp\/v2\/media?parent=204"}],"wp:term":[{"taxonomy":"category","embeddable":true,"href":"https:\/\/himinnoghaf.is\/loftslagsmal\/wp-json\/wp\/v2\/categories?post=204"}],"curies":[{"name":"wp","href":"https:\/\/api.w.org\/{rel}","templated":true}]}}